{"id":358250,"date":"2024-03-11T10:03:49","date_gmt":"2024-03-11T08:03:49","guid":{"rendered":"https:\/\/puhdasplus.ee\/nacionalas-izlases-futbolists-matti-peltola-pievienojas-puhdas-komandai\/"},"modified":"2026-07-06T14:12:44","modified_gmt":"2026-07-06T11:12:44","slug":"nacionalas-izlases-futbolists-matti-peltola-pievienojas-puhdas-komandai","status":"publish","type":"post","link":"https:\/\/puhdasplus.ee\/lv\/nacionalas-izlases-futbolists-matti-peltola-pievienojas-puhdas-komandai\/","title":{"rendered":"Nacion\u0101l\u0101s izlases futbolists Matti Peltola pievienojas Puhdas+ komandai"},"content":{"rendered":"<p>Vesel\u012bbas un skaistumkop\u0161anas produktu ra\u017eot\u0101js Puhdas+ sagaida jaunu v\u0101rdu sav\u0101 pla\u0161aj\u0101 sportistu \u0123imen\u0113.<\/p>\n<p>Puhdas+ un Somijas izlases futbolists <strong>Matti Peltola<\/strong> ir nosl\u0113gu\u0161i sadarb\u012bbas l\u012bgumu. Matti ir paz\u012bstams ar savu cent\u012bbu un discipl\u012bnu laukum\u0101. K\u0101 profesion\u0101ls sportists, vi\u0146\u0161 izvirza augstas pras\u012bbas uztuam un piedev\u0101m.<\/p>\n<p>\u201cEsmu priec\u012bgs sadarboties ar Puhdas+, jo vi\u0146u produkti ir t\u012bri un bez liek\u0101m piedev\u0101m. Sportistam ir svar\u012bgi prec\u012bzi zin\u0101t, ko ievada organism\u0101,\" saka Matti.<\/p>\n<p>Puhdas+ sporta produkti \u2013 kolag\u0113ns, omega-3, magnijs un D vitam\u012bns \u2013 atbalsta sportistu sniegumu un atjauno\u0161anos.<\/p>\n<hr \/>\n<h3>Lasiet ar\u012b:<\/h3>\n<ul>\n<li><a href=\"https:\/\/puhdasplus.ee\/lv\/blogs\/\">Visi emu\u0101ra raksti \u2192<\/a><\/li>\n<\/ul>\n","protected":false},"excerpt":{"rendered":"<p>Vesel\u012bbas un skaistumkop\u0161anas produktu ra\u017eot\u0101js Puhdas+ sagaida jaunu v\u0101rdu sav\u0101 pla\u0161aj\u0101 sportistu \u0123imen\u0113. Puhdas+ un Somijas izlases futbolists Matti Peltola ir nosl\u0113gu\u0161i sadarb\u012bbas l\u012bgumu. Matti ir paz\u012bstams ar savu cent\u012bbu un discipl\u012bnu laukum\u0101. K\u0101 profesion\u0101ls sportists, vi\u0146\u0161 izvirza augstas pras\u012bbas uztuam un piedev\u0101m. \u201cEsmu priec\u012bgs sadarboties ar Puhdas+, jo vi\u0146u produkti ir t\u012bri un bez [&hellip;]<\/p>\n","protected":false},"author":858,"featured_media":357904,"comment_status":"open","ping_status":"open","sticky":false,"template":"","format":"standard","meta":{"_acf_changed":false,"googlesitekit_rrm_CAow3eq7DA:productID":"","footnotes":""},"categories":[1726],"tags":[7957],"class_list":["post-358250","post","type-post","status-publish","format-standard","has-post-thumbnail","hentry","category-blogs","tag-sports-un-trenini"],"acf":[],"featured_image_src":{"landsacpe":["https:\/\/puhdasplus.ee\/wp-content\/uploads\/2026\/03\/blogi-maajoukkuejalkapalloilija-matti-peltola-puhdas-n-tiimiin-1140x445.jpg.webp",1140,445,true],"list":["https:\/\/puhdasplus.ee\/wp-content\/uploads\/2026\/03\/blogi-maajoukkuejalkapalloilija-matti-peltola-puhdas-n-tiimiin-463x348.jpg.webp",463,348,true],"medium":["https:\/\/puhdasplus.ee\/wp-content\/uploads\/2026\/03\/blogi-maajoukkuejalkapalloilija-matti-peltola-puhdas-n-tiimiin-300x201.jpg.webp",300,201,true],"full":["https:\/\/puhdasplus.ee\/wp-content\/uploads\/2026\/03\/blogi-maajoukkuejalkapalloilija-matti-peltola-puhdas-n-tiimiin-scaled.jpg.webp",2560,1718,false]},"yoast_head":"<!-- This site is optimized with the Yoast SEO plugin v28.4 - https:\/\/yoast.com\/product\/yoast-seo-wordpress\/ -->\n<title>Nacion\u0101l\u0101s izlases futbolists Matti Peltola pie... | Puhdas+<\/title>\n<meta name=\"description\" content=\"Izlases futbolists Matti Peltola pievienojas Puhdas+ sportistu \u0123imenei. T\u012bras piedevas profesion\u0101lam sportistam.\" \/>\n<meta name=\"robots\" content=\"index, follow, max-snippet:-1, max-image-preview:large, max-video-preview:-1\" \/>\n<link rel=\"canonical\" href=\"https:\/\/puhdasplus.ee\/lv\/nacionalas-izlases-futbolists-matti-peltola-pievienojas-puhdas-komandai\/\" \/>\n<meta property=\"og:locale\" content=\"lv_LV\" \/>\n<meta property=\"og:type\" content=\"article\" \/>\n<meta property=\"og:title\" content=\"Nacion\u0101l\u0101s izlases futbolists Matti Peltola pie... | Puhdas+\" \/>\n<meta property=\"og:description\" content=\"Izlases futbolists Matti Peltola pievienojas Puhdas+ sportistu \u0123imenei. T\u012bras piedevas profesion\u0101lam sportistam.\" \/>\n<meta property=\"og:url\" content=\"https:\/\/puhdasplus.ee\/lv\/nacionalas-izlases-futbolists-matti-peltola-pievienojas-puhdas-komandai\/\" \/>\n<meta property=\"og:site_name\" content=\"Puhdas+\" \/>\n<meta property=\"article:publisher\" content=\"https:\/\/www.facebook.com\/puhdasplus\" \/>\n<meta property=\"article:published_time\" content=\"2024-03-11T08:03:49+00:00\" \/>\n<meta property=\"article:modified_time\" content=\"2026-07-06T11:12:44+00:00\" \/>\n<meta property=\"og:image\" content=\"https:\/\/puhdasplus.ee\/wp-content\/uploads\/2026\/03\/blogi-maajoukkuejalkapalloilija-matti-peltola-puhdas-n-tiimiin-scaled.jpg.webp\" \/>\n\t<meta property=\"og:image:width\" content=\"2560\" \/>\n\t<meta property=\"og:image:height\" content=\"1718\" \/>\n\t<meta property=\"og:image:type\" content=\"image\/jpeg\" \/>\n<meta name=\"author\" content=\"Puhdas+\" \/>\n<meta name=\"twitter:card\" content=\"summary_large_image\" \/>\n<meta name=\"twitter:label1\" content=\"Written by\" \/>\n\t<meta name=\"twitter:data1\" content=\"Puhdas+\" \/>\n\t<meta name=\"twitter:label2\" content=\"Est. reading time\" \/>\n\t<meta name=\"twitter:data2\" content=\"1 minute\" \/>\n<script type=\"application\/ld+json\" class=\"yoast-schema-graph\">{\"@context\":\"https:\\\/\\\/schema.org\",\"@graph\":[{\"@type\":\"Article\",\"@id\":\"https:\\\/\\\/puhdasplus.ee\\\/lv\\\/nacionalas-izlases-futbolists-matti-peltola-pievienojas-puhdas-komandai\\\/#article\",\"isPartOf\":{\"@id\":\"https:\\\/\\\/puhdasplus.ee\\\/lv\\\/nacionalas-izlases-futbolists-matti-peltola-pievienojas-puhdas-komandai\\\/\"},\"author\":{\"name\":\"Puhdas+\",\"@id\":\"https:\\\/\\\/puhdasplus.ee\\\/lv\\\/#\\\/schema\\\/person\\\/6b17430623d419d2ffdd0a8e969d0e97\"},\"headline\":\"Nacion\u0101l\u0101s izlases futbolists Matti Peltola pievienojas Puhdas+ komandai\",\"datePublished\":\"2024-03-11T08:03:49+00:00\",\"dateModified\":\"2026-07-06T11:12:44+00:00\",\"mainEntityOfPage\":{\"@id\":\"https:\\\/\\\/puhdasplus.ee\\\/lv\\\/nacionalas-izlases-futbolists-matti-peltola-pievienojas-puhdas-komandai\\\/\"},\"wordCount\":124,\"commentCount\":0,\"publisher\":{\"@id\":\"https:\\\/\\\/puhdasplus.ee\\\/lv\\\/#organization\"},\"image\":{\"@id\":\"https:\\\/\\\/puhdasplus.ee\\\/lv\\\/nacionalas-izlases-futbolists-matti-peltola-pievienojas-puhdas-komandai\\\/#primaryimage\"},\"thumbnailUrl\":\"https:\\\/\\\/puhdasplus.ee\\\/wp-content\\\/uploads\\\/2026\\\/03\\\/blogi-maajoukkuejalkapalloilija-matti-peltola-puhdas-n-tiimiin-scaled.jpg.webp\",\"keywords\":[\"sports un treni\u0146i\"],\"articleSection\":[\"Blogs\"],\"inLanguage\":\"lv-LV\",\"potentialAction\":[{\"@type\":\"CommentAction\",\"name\":\"Comment\",\"target\":[\"https:\\\/\\\/puhdasplus.ee\\\/lv\\\/nacionalas-izlases-futbolists-matti-peltola-pievienojas-puhdas-komandai\\\/#respond\"]}]},{\"@type\":\"WebPage\",\"@id\":\"https:\\\/\\\/puhdasplus.ee\\\/lv\\\/nacionalas-izlases-futbolists-matti-peltola-pievienojas-puhdas-komandai\\\/\",\"url\":\"https:\\\/\\\/puhdasplus.ee\\\/lv\\\/nacionalas-izlases-futbolists-matti-peltola-pievienojas-puhdas-komandai\\\/\",\"name\":\"Nacion\u0101l\u0101s izlases futbolists Matti Peltola pie... | Puhdas+\",\"isPartOf\":{\"@id\":\"https:\\\/\\\/puhdasplus.ee\\\/lv\\\/#website\"},\"primaryImageOfPage\":{\"@id\":\"https:\\\/\\\/puhdasplus.ee\\\/lv\\\/nacionalas-izlases-futbolists-matti-peltola-pievienojas-puhdas-komandai\\\/#primaryimage\"},\"image\":{\"@id\":\"https:\\\/\\\/puhdasplus.ee\\\/lv\\\/nacionalas-izlases-futbolists-matti-peltola-pievienojas-puhdas-komandai\\\/#primaryimage\"},\"thumbnailUrl\":\"https:\\\/\\\/puhdasplus.ee\\\/wp-content\\\/uploads\\\/2026\\\/03\\\/blogi-maajoukkuejalkapalloilija-matti-peltola-puhdas-n-tiimiin-scaled.jpg.webp\",\"datePublished\":\"2024-03-11T08:03:49+00:00\",\"dateModified\":\"2026-07-06T11:12:44+00:00\",\"description\":\"Izlases futbolists Matti Peltola pievienojas Puhdas+ sportistu \u0123imenei. T\u012bras piedevas profesion\u0101lam sportistam.\",\"breadcrumb\":{\"@id\":\"https:\\\/\\\/puhdasplus.ee\\\/lv\\\/nacionalas-izlases-futbolists-matti-peltola-pievienojas-puhdas-komandai\\\/#breadcrumb\"},\"inLanguage\":\"lv-LV\",\"potentialAction\":[{\"@type\":\"ReadAction\",\"target\":[\"https:\\\/\\\/puhdasplus.ee\\\/lv\\\/nacionalas-izlases-futbolists-matti-peltola-pievienojas-puhdas-komandai\\\/\"]}]},{\"@type\":\"ImageObject\",\"inLanguage\":\"lv-LV\",\"@id\":\"https:\\\/\\\/puhdasplus.ee\\\/lv\\\/nacionalas-izlases-futbolists-matti-peltola-pievienojas-puhdas-komandai\\\/#primaryimage\",\"url\":\"https:\\\/\\\/puhdasplus.ee\\\/wp-content\\\/uploads\\\/2026\\\/03\\\/blogi-maajoukkuejalkapalloilija-matti-peltola-puhdas-n-tiimiin-scaled.jpg.webp\",\"contentUrl\":\"https:\\\/\\\/puhdasplus.ee\\\/wp-content\\\/uploads\\\/2026\\\/03\\\/blogi-maajoukkuejalkapalloilija-matti-peltola-puhdas-n-tiimiin-scaled.jpg.webp\",\"width\":2560,\"height\":1718,\"caption\":\"Koondisejalgpallur Matti Peltola liitub Puhdas+ meeskonnaga \u2013 Puhdas+\"},{\"@type\":\"BreadcrumbList\",\"@id\":\"https:\\\/\\\/puhdasplus.ee\\\/lv\\\/nacionalas-izlases-futbolists-matti-peltola-pievienojas-puhdas-komandai\\\/#breadcrumb\",\"itemListElement\":[{\"@type\":\"ListItem\",\"position\":1,\"name\":\"S\u0101kums\",\"item\":\"https:\\\/\\\/puhdasplus.ee\\\/lv\\\/\"},{\"@type\":\"ListItem\",\"position\":2,\"name\":\"Nacion\u0101l\u0101s izlases futbolists Matti Peltola pievienojas Puhdas+ komandai\"}]},{\"@type\":\"WebSite\",\"@id\":\"https:\\\/\\\/puhdasplus.ee\\\/lv\\\/#website\",\"url\":\"https:\\\/\\\/puhdasplus.ee\\\/lv\\\/\",\"name\":\"Puhdas+\",\"description\":\"Vitam\u012bni, uztura bag\u0101tin\u0101t\u0101ji, dab\u012bg\u0101 kosm\u0113tika, vesel\u012bba, sports\",\"publisher\":{\"@id\":\"https:\\\/\\\/puhdasplus.ee\\\/lv\\\/#organization\"},\"potentialAction\":[{\"@type\":\"SearchAction\",\"target\":{\"@type\":\"EntryPoint\",\"urlTemplate\":\"https:\\\/\\\/puhdasplus.ee\\\/lv\\\/?s={search_term_string}\"},\"query-input\":{\"@type\":\"PropertyValueSpecification\",\"valueRequired\":true,\"valueName\":\"search_term_string\"}}],\"inLanguage\":\"lv-LV\"},{\"@type\":\"Organization\",\"@id\":\"https:\\\/\\\/puhdasplus.ee\\\/lv\\\/#organization\",\"name\":\"Puhdas+\",\"alternateName\":\"Puhdasplus\",\"url\":\"https:\\\/\\\/puhdasplus.ee\\\/lv\\\/\",\"logo\":{\"@type\":\"ImageObject\",\"inLanguage\":\"lv-LV\",\"@id\":\"https:\\\/\\\/puhdasplus.ee\\\/lv\\\/#\\\/schema\\\/logo\\\/image\\\/\",\"url\":\"https:\\\/\\\/puhdasplus.ee\\\/wp-content\\\/uploads\\\/2019\\\/10\\\/puhdas_logo-arvele.png\",\"contentUrl\":\"https:\\\/\\\/puhdasplus.ee\\\/wp-content\\\/uploads\\\/2019\\\/10\\\/puhdas_logo-arvele.png\",\"width\":114,\"height\":94,\"caption\":\"Puhdas+\"},\"image\":{\"@id\":\"https:\\\/\\\/puhdasplus.ee\\\/lv\\\/#\\\/schema\\\/logo\\\/image\\\/\"},\"sameAs\":[\"https:\\\/\\\/www.facebook.com\\\/puhdasplus\",\"https:\\\/\\\/www.instagram.com\\\/puhdasplus_ee\\\/\"],\"legalName\":\"NordenBio O\u00dc\",\"vatID\":\"EE102836211\",\"taxID\":\"14080126\",\"telephone\":\"+372 5577 765\",\"email\":\"info@puhdasplus.ee\",\"foundingDate\":\"2016\",\"description\":\"Somijas uztura bag\u0101tin\u0101t\u0101ji, vitam\u012bni un dab\u012bg\u0101 kosm\u0113tika no t\u012br\u0101m sast\u0101vda\u013c\u0101m. Ofici\u0101lais Puhdas+ import\u0113t\u0101js Baltij\u0101.\",\"address\":{\"@type\":\"PostalAddress\",\"streetAddress\":\"Narva mnt 7\",\"postalCode\":\"10117\",\"addressLocality\":\"Tallinn\",\"addressRegion\":\"Harju maakond\",\"addressCountry\":\"EE\"},\"contactPoint\":[{\"@type\":\"ContactPoint\",\"contactType\":\"customer service\",\"telephone\":\"+372 5577 765\",\"email\":\"info@puhdasplus.ee\",\"availableLanguage\":[\"Estonian\",\"English\",\"Russian\",\"Latvian\",\"Lithuanian\"],\"areaServed\":[\"EE\",\"LV\",\"LT\"]},{\"@type\":\"ContactPoint\",\"contactType\":\"sales\",\"telephone\":\"+372 5668 8887\",\"email\":\"sales@puhdasplus.ee\",\"availableLanguage\":[\"Estonian\",\"English\"],\"areaServed\":[\"EE\",\"LV\",\"LT\"]}],\"founder\":[{\"@type\":\"Person\",\"name\":\"Meiko Neuman\"}],\"areaServed\":[{\"@type\":\"Country\",\"name\":\"Estonia\"},{\"@type\":\"Country\",\"name\":\"Latvia\"},{\"@type\":\"Country\",\"name\":\"Lithuania\"}],\"knowsAbout\":[\"Uztura bag\u0101tin\u0101t\u0101ji\",\"Vitam\u012bni\",\"Dab\u012bg\u0101 kosm\u0113tika\",\"Vesel\u012bba\",\"Sports\"],\"brand\":{\"@type\":\"Brand\",\"name\":\"Puhdas+\",\"description\":\"Somijas z\u012bmols, kas pied\u0101v\u0101 100% t\u012brus, bez piedev\u0101m uztura bag\u0101tin\u0101t\u0101jus, vitam\u012bnus un dab\u012bgo kosm\u0113tiku. Produkti ra\u017eoti Somij\u0101 ar GMP sertifik\u0101tu.\",\"countryOfOrigin\":{\"@type\":\"Country\",\"name\":\"Finland\"},\"manufacturer\":{\"@type\":\"Organization\",\"name\":\"New Organics Oy\",\"address\":{\"@type\":\"PostalAddress\",\"streetAddress\":\"\u00c4yritie 8 A\",\"postalCode\":\"01510\",\"addressLocality\":\"Vantaa\",\"addressCountry\":\"FI\"}}},\"makesOffer\":{\"@type\":\"Offer\",\"category\":\"Health supplements, vitamins, natural cosmetics\"},\"numberOfEmployees\":{\"@type\":\"QuantitativeValue\",\"value\":2}},{\"@type\":\"Person\",\"@id\":\"https:\\\/\\\/puhdasplus.ee\\\/lv\\\/#\\\/schema\\\/person\\\/6b17430623d419d2ffdd0a8e969d0e97\",\"name\":\"Puhdas+\",\"image\":{\"@type\":\"ImageObject\",\"inLanguage\":\"lv-LV\",\"@id\":\"data:image\\\/svg+xml,%3Csvg%20xmlns%3D%22http%3A%2F%2Fwww.w3.org%2F2000%2Fsvg%22%20width%3D%2248%22%20height%3D%2248%22%3E%3Ccircle%20cx%3D%2224%22%20cy%3D%2224%22%20r%3D%2224%22%20fill%3D%22%2523d7d7d7%22%2F%3E%3Ccircle%20cx%3D%2224%22%20cy%3D%2219%22%20r%3D%229%22%20fill%3D%22%2523fff%22%2F%3E%3Cpath%20d%3D%22M8%2046c0-9%208-14%2016-14s16%205%2016%2014%22%20fill%3D%22%2523fff%22%2F%3E%3C%2Fsvg%3E\",\"url\":\"data:image\\\/svg+xml,%3Csvg%20xmlns%3D%22http%3A%2F%2Fwww.w3.org%2F2000%2Fsvg%22%20width%3D%2248%22%20height%3D%2248%22%3E%3Ccircle%20cx%3D%2224%22%20cy%3D%2224%22%20r%3D%2224%22%20fill%3D%22%2523d7d7d7%22%2F%3E%3Ccircle%20cx%3D%2224%22%20cy%3D%2219%22%20r%3D%229%22%20fill%3D%22%2523fff%22%2F%3E%3Cpath%20d%3D%22M8%2046c0-9%208-14%2016-14s16%205%2016%2014%22%20fill%3D%22%2523fff%22%2F%3E%3C%2Fsvg%3E\",\"contentUrl\":\"data:image\\\/svg+xml,%3Csvg%20xmlns%3D%22http%3A%2F%2Fwww.w3.org%2F2000%2Fsvg%22%20width%3D%2248%22%20height%3D%2248%22%3E%3Ccircle%20cx%3D%2224%22%20cy%3D%2224%22%20r%3D%2224%22%20fill%3D%22%2523d7d7d7%22%2F%3E%3Ccircle%20cx%3D%2224%22%20cy%3D%2219%22%20r%3D%229%22%20fill%3D%22%2523fff%22%2F%3E%3Cpath%20d%3D%22M8%2046c0-9%208-14%2016-14s16%205%2016%2014%22%20fill%3D%22%2523fff%22%2F%3E%3C%2Fsvg%3E\",\"caption\":\"Puhdas+\"},\"description\":\"Puhdas+ on Soomest p\u00e4rit tervise- ja heaolubr\u00e4nd, mille tooted valmivad puhastest, hoolikalt valitud koostisosadest ilma tarbetute lisaaineteta. Puhdas+ Eesti blogi artiklid koostab NordenBio O\u00dc (Puhdas+ ametlik maaletooja Eestis) meeskond koost\u00f6\u00f6s Soome tootearendusega. Sisu koostamisel j\u00e4rgime EL-i toidualase teabe m\u00e4\u00e4rust (EL) 1169\\\/2011 ja tervisealaste v\u00e4idete m\u00e4\u00e4rust (E\u00dc) 1924\\\/2006 ning tugineme teadusp\u00f5histele allikatele (EFSA).\",\"sameAs\":[\"https:\\\/\\\/puhdasplus.ee\"],\"url\":\"https:\\\/\\\/puhdasplus.ee\\\/lv\\\/author\\\/puhdasplus\\\/\"}]}<\/script>\n<!-- \/ Yoast SEO plugin. -->","yoast_head_json":{"title":"Nacion\u0101l\u0101s izlases futbolists Matti Peltola pie... | Puhdas+","description":"Izlases futbolists Matti Peltola pievienojas Puhdas+ sportistu \u0123imenei. T\u012bras piedevas profesion\u0101lam sportistam.","robots":{"index":"index","follow":"follow","max-snippet":"max-snippet:-1","max-image-preview":"max-image-preview:large","max-video-preview":"max-video-preview:-1"},"canonical":"https:\/\/puhdasplus.ee\/lv\/nacionalas-izlases-futbolists-matti-peltola-pievienojas-puhdas-komandai\/","og_locale":"lv_LV","og_type":"article","og_title":"Nacion\u0101l\u0101s izlases futbolists Matti Peltola pie... | Puhdas+","og_description":"Izlases futbolists Matti Peltola pievienojas Puhdas+ sportistu \u0123imenei. T\u012bras piedevas profesion\u0101lam sportistam.","og_url":"https:\/\/puhdasplus.ee\/lv\/nacionalas-izlases-futbolists-matti-peltola-pievienojas-puhdas-komandai\/","og_site_name":"Puhdas+","article_publisher":"https:\/\/www.facebook.com\/puhdasplus","article_published_time":"2024-03-11T08:03:49+00:00","article_modified_time":"2026-07-06T11:12:44+00:00","og_image":[{"width":2560,"height":1718,"url":"https:\/\/puhdasplus.ee\/wp-content\/uploads\/2026\/03\/blogi-maajoukkuejalkapalloilija-matti-peltola-puhdas-n-tiimiin-scaled.jpg.webp","type":"image\/jpeg"}],"author":"Puhdas+","twitter_card":"summary_large_image","twitter_misc":{"Written by":"Puhdas+","Est. reading time":"1 minute"},"schema":{"@context":"https:\/\/schema.org","@graph":[{"@type":"Article","@id":"https:\/\/puhdasplus.ee\/lv\/nacionalas-izlases-futbolists-matti-peltola-pievienojas-puhdas-komandai\/#article","isPartOf":{"@id":"https:\/\/puhdasplus.ee\/lv\/nacionalas-izlases-futbolists-matti-peltola-pievienojas-puhdas-komandai\/"},"author":{"name":"Puhdas+","@id":"https:\/\/puhdasplus.ee\/lv\/#\/schema\/person\/6b17430623d419d2ffdd0a8e969d0e97"},"headline":"Nacion\u0101l\u0101s izlases futbolists Matti Peltola pievienojas Puhdas+ komandai","datePublished":"2024-03-11T08:03:49+00:00","dateModified":"2026-07-06T11:12:44+00:00","mainEntityOfPage":{"@id":"https:\/\/puhdasplus.ee\/lv\/nacionalas-izlases-futbolists-matti-peltola-pievienojas-puhdas-komandai\/"},"wordCount":124,"commentCount":0,"publisher":{"@id":"https:\/\/puhdasplus.ee\/lv\/#organization"},"image":{"@id":"https:\/\/puhdasplus.ee\/lv\/nacionalas-izlases-futbolists-matti-peltola-pievienojas-puhdas-komandai\/#primaryimage"},"thumbnailUrl":"https:\/\/puhdasplus.ee\/wp-content\/uploads\/2026\/03\/blogi-maajoukkuejalkapalloilija-matti-peltola-puhdas-n-tiimiin-scaled.jpg.webp","keywords":["sports un treni\u0146i"],"articleSection":["Blogs"],"inLanguage":"lv-LV","potentialAction":[{"@type":"CommentAction","name":"Comment","target":["https:\/\/puhdasplus.ee\/lv\/nacionalas-izlases-futbolists-matti-peltola-pievienojas-puhdas-komandai\/#respond"]}]},{"@type":"WebPage","@id":"https:\/\/puhdasplus.ee\/lv\/nacionalas-izlases-futbolists-matti-peltola-pievienojas-puhdas-komandai\/","url":"https:\/\/puhdasplus.ee\/lv\/nacionalas-izlases-futbolists-matti-peltola-pievienojas-puhdas-komandai\/","name":"Nacion\u0101l\u0101s izlases futbolists Matti Peltola pie... | Puhdas+","isPartOf":{"@id":"https:\/\/puhdasplus.ee\/lv\/#website"},"primaryImageOfPage":{"@id":"https:\/\/puhdasplus.ee\/lv\/nacionalas-izlases-futbolists-matti-peltola-pievienojas-puhdas-komandai\/#primaryimage"},"image":{"@id":"https:\/\/puhdasplus.ee\/lv\/nacionalas-izlases-futbolists-matti-peltola-pievienojas-puhdas-komandai\/#primaryimage"},"thumbnailUrl":"https:\/\/puhdasplus.ee\/wp-content\/uploads\/2026\/03\/blogi-maajoukkuejalkapalloilija-matti-peltola-puhdas-n-tiimiin-scaled.jpg.webp","datePublished":"2024-03-11T08:03:49+00:00","dateModified":"2026-07-06T11:12:44+00:00","description":"Izlases futbolists Matti Peltola pievienojas Puhdas+ sportistu \u0123imenei. T\u012bras piedevas profesion\u0101lam sportistam.","breadcrumb":{"@id":"https:\/\/puhdasplus.ee\/lv\/nacionalas-izlases-futbolists-matti-peltola-pievienojas-puhdas-komandai\/#breadcrumb"},"inLanguage":"lv-LV","potentialAction":[{"@type":"ReadAction","target":["https:\/\/puhdasplus.ee\/lv\/nacionalas-izlases-futbolists-matti-peltola-pievienojas-puhdas-komandai\/"]}]},{"@type":"ImageObject","inLanguage":"lv-LV","@id":"https:\/\/puhdasplus.ee\/lv\/nacionalas-izlases-futbolists-matti-peltola-pievienojas-puhdas-komandai\/#primaryimage","url":"https:\/\/puhdasplus.ee\/wp-content\/uploads\/2026\/03\/blogi-maajoukkuejalkapalloilija-matti-peltola-puhdas-n-tiimiin-scaled.jpg.webp","contentUrl":"https:\/\/puhdasplus.ee\/wp-content\/uploads\/2026\/03\/blogi-maajoukkuejalkapalloilija-matti-peltola-puhdas-n-tiimiin-scaled.jpg.webp","width":2560,"height":1718,"caption":"Koondisejalgpallur Matti Peltola liitub Puhdas+ meeskonnaga \u2013 Puhdas+"},{"@type":"BreadcrumbList","@id":"https:\/\/puhdasplus.ee\/lv\/nacionalas-izlases-futbolists-matti-peltola-pievienojas-puhdas-komandai\/#breadcrumb","itemListElement":[{"@type":"ListItem","position":1,"name":"S\u0101kums","item":"https:\/\/puhdasplus.ee\/lv\/"},{"@type":"ListItem","position":2,"name":"Nacion\u0101l\u0101s izlases futbolists Matti Peltola pievienojas Puhdas+ komandai"}]},{"@type":"WebSite","@id":"https:\/\/puhdasplus.ee\/lv\/#website","url":"https:\/\/puhdasplus.ee\/lv\/","name":"Puhdas+","description":"Vitam\u012bni, uztura bag\u0101tin\u0101t\u0101ji, dab\u012bg\u0101 kosm\u0113tika, vesel\u012bba, sports","publisher":{"@id":"https:\/\/puhdasplus.ee\/lv\/#organization"},"potentialAction":[{"@type":"SearchAction","target":{"@type":"EntryPoint","urlTemplate":"https:\/\/puhdasplus.ee\/lv\/?s={search_term_string}"},"query-input":{"@type":"PropertyValueSpecification","valueRequired":true,"valueName":"search_term_string"}}],"inLanguage":"lv-LV"},{"@type":"Organization","@id":"https:\/\/puhdasplus.ee\/lv\/#organization","name":"Puhdas+","alternateName":"Puhdasplus","url":"https:\/\/puhdasplus.ee\/lv\/","logo":{"@type":"ImageObject","inLanguage":"lv-LV","@id":"https:\/\/puhdasplus.ee\/lv\/#\/schema\/logo\/image\/","url":"https:\/\/puhdasplus.ee\/wp-content\/uploads\/2019\/10\/puhdas_logo-arvele.png","contentUrl":"https:\/\/puhdasplus.ee\/wp-content\/uploads\/2019\/10\/puhdas_logo-arvele.png","width":114,"height":94,"caption":"Puhdas+"},"image":{"@id":"https:\/\/puhdasplus.ee\/lv\/#\/schema\/logo\/image\/"},"sameAs":["https:\/\/www.facebook.com\/puhdasplus","https:\/\/www.instagram.com\/puhdasplus_ee\/"],"legalName":"NordenBio O\u00dc","vatID":"EE102836211","taxID":"14080126","telephone":"+372 5577 765","email":"info@puhdasplus.ee","foundingDate":"2016","description":"Somijas uztura bag\u0101tin\u0101t\u0101ji, vitam\u012bni un dab\u012bg\u0101 kosm\u0113tika no t\u012br\u0101m sast\u0101vda\u013c\u0101m. Ofici\u0101lais Puhdas+ import\u0113t\u0101js Baltij\u0101.","address":{"@type":"PostalAddress","streetAddress":"Narva mnt 7","postalCode":"10117","addressLocality":"Tallinn","addressRegion":"Harju maakond","addressCountry":"EE"},"contactPoint":[{"@type":"ContactPoint","contactType":"customer service","telephone":"+372 5577 765","email":"info@puhdasplus.ee","availableLanguage":["Estonian","English","Russian","Latvian","Lithuanian"],"areaServed":["EE","LV","LT"]},{"@type":"ContactPoint","contactType":"sales","telephone":"+372 5668 8887","email":"sales@puhdasplus.ee","availableLanguage":["Estonian","English"],"areaServed":["EE","LV","LT"]}],"founder":[{"@type":"Person","name":"Meiko Neuman"}],"areaServed":[{"@type":"Country","name":"Estonia"},{"@type":"Country","name":"Latvia"},{"@type":"Country","name":"Lithuania"}],"knowsAbout":["Uztura bag\u0101tin\u0101t\u0101ji","Vitam\u012bni","Dab\u012bg\u0101 kosm\u0113tika","Vesel\u012bba","Sports"],"brand":{"@type":"Brand","name":"Puhdas+","description":"Somijas z\u012bmols, kas pied\u0101v\u0101 100% t\u012brus, bez piedev\u0101m uztura bag\u0101tin\u0101t\u0101jus, vitam\u012bnus un dab\u012bgo kosm\u0113tiku. Produkti ra\u017eoti Somij\u0101 ar GMP sertifik\u0101tu.","countryOfOrigin":{"@type":"Country","name":"Finland"},"manufacturer":{"@type":"Organization","name":"New Organics Oy","address":{"@type":"PostalAddress","streetAddress":"\u00c4yritie 8 A","postalCode":"01510","addressLocality":"Vantaa","addressCountry":"FI"}}},"makesOffer":{"@type":"Offer","category":"Health supplements, vitamins, natural cosmetics"},"numberOfEmployees":{"@type":"QuantitativeValue","value":2}},{"@type":"Person","@id":"https:\/\/puhdasplus.ee\/lv\/#\/schema\/person\/6b17430623d419d2ffdd0a8e969d0e97","name":"Puhdas+","image":{"@type":"ImageObject","inLanguage":"lv-LV","@id":"data:image\/svg+xml,%3Csvg%20xmlns%3D%22http%3A%2F%2Fwww.w3.org%2F2000%2Fsvg%22%20width%3D%2248%22%20height%3D%2248%22%3E%3Ccircle%20cx%3D%2224%22%20cy%3D%2224%22%20r%3D%2224%22%20fill%3D%22%2523d7d7d7%22%2F%3E%3Ccircle%20cx%3D%2224%22%20cy%3D%2219%22%20r%3D%229%22%20fill%3D%22%2523fff%22%2F%3E%3Cpath%20d%3D%22M8%2046c0-9%208-14%2016-14s16%205%2016%2014%22%20fill%3D%22%2523fff%22%2F%3E%3C%2Fsvg%3E","url":"data:image\/svg+xml,%3Csvg%20xmlns%3D%22http%3A%2F%2Fwww.w3.org%2F2000%2Fsvg%22%20width%3D%2248%22%20height%3D%2248%22%3E%3Ccircle%20cx%3D%2224%22%20cy%3D%2224%22%20r%3D%2224%22%20fill%3D%22%2523d7d7d7%22%2F%3E%3Ccircle%20cx%3D%2224%22%20cy%3D%2219%22%20r%3D%229%22%20fill%3D%22%2523fff%22%2F%3E%3Cpath%20d%3D%22M8%2046c0-9%208-14%2016-14s16%205%2016%2014%22%20fill%3D%22%2523fff%22%2F%3E%3C%2Fsvg%3E","contentUrl":"data:image\/svg+xml,%3Csvg%20xmlns%3D%22http%3A%2F%2Fwww.w3.org%2F2000%2Fsvg%22%20width%3D%2248%22%20height%3D%2248%22%3E%3Ccircle%20cx%3D%2224%22%20cy%3D%2224%22%20r%3D%2224%22%20fill%3D%22%2523d7d7d7%22%2F%3E%3Ccircle%20cx%3D%2224%22%20cy%3D%2219%22%20r%3D%229%22%20fill%3D%22%2523fff%22%2F%3E%3Cpath%20d%3D%22M8%2046c0-9%208-14%2016-14s16%205%2016%2014%22%20fill%3D%22%2523fff%22%2F%3E%3C%2Fsvg%3E","caption":"Puhdas+"},"description":"Puhdas+ on Soomest p\u00e4rit tervise- ja heaolubr\u00e4nd, mille tooted valmivad puhastest, hoolikalt valitud koostisosadest ilma tarbetute lisaaineteta. Puhdas+ Eesti blogi artiklid koostab NordenBio O\u00dc (Puhdas+ ametlik maaletooja Eestis) meeskond koost\u00f6\u00f6s Soome tootearendusega. Sisu koostamisel j\u00e4rgime EL-i toidualase teabe m\u00e4\u00e4rust (EL) 1169\/2011 ja tervisealaste v\u00e4idete m\u00e4\u00e4rust (E\u00dc) 1924\/2006 ning tugineme teadusp\u00f5histele allikatele (EFSA).","sameAs":["https:\/\/puhdasplus.ee"],"url":"https:\/\/puhdasplus.ee\/lv\/author\/puhdasplus\/"}]}},"_yoast_wpseo_title":"Nacion\u0101l\u0101s izlases futbolists Matti Peltola pie... | Puhdas+","_yoast_wpseo_metadesc":"Izlases futbolists Matti Peltola pievienojas Puhdas+ sportistu \u0123imenei. T\u012bras piedevas profesion\u0101lam sportistam.","_yoast_wpseo_focuskw":"Matti Peltola","_links":{"self":[{"href":"https:\/\/puhdasplus.ee\/lv\/wp-json\/wp\/v2\/posts\/358250","targetHints":{"allow":["GET"]}}],"collection":[{"href":"https:\/\/puhdasplus.ee\/lv\/wp-json\/wp\/v2\/posts"}],"about":[{"href":"https:\/\/puhdasplus.ee\/lv\/wp-json\/wp\/v2\/types\/post"}],"author":[{"embeddable":true,"href":"https:\/\/puhdasplus.ee\/lv\/wp-json\/wp\/v2\/users\/858"}],"replies":[{"embeddable":true,"href":"https:\/\/puhdasplus.ee\/lv\/wp-json\/wp\/v2\/comments?post=358250"}],"version-history":[{"count":0,"href":"https:\/\/puhdasplus.ee\/lv\/wp-json\/wp\/v2\/posts\/358250\/revisions"}],"wp:featuredmedia":[{"embeddable":true,"href":"https:\/\/puhdasplus.ee\/lv\/wp-json\/wp\/v2\/media\/357904"}],"wp:attachment":[{"href":"https:\/\/puhdasplus.ee\/lv\/wp-json\/wp\/v2\/media?parent=358250"}],"wp:term":[{"taxonomy":"category","embeddable":true,"href":"https:\/\/puhdasplus.ee\/lv\/wp-json\/wp\/v2\/categories?post=358250"},{"taxonomy":"post_tag","embeddable":true,"href":"https:\/\/puhdasplus.ee\/lv\/wp-json\/wp\/v2\/tags?post=358250"}],"curies":[{"name":"wp","href":"https:\/\/api.w.org\/{rel}","templated":true}]}}