{"id":363494,"date":"2019-03-01T08:14:37","date_gmt":"2019-03-01T06:14:37","guid":{"rendered":"https:\/\/puhdasplus.ee\/wir-stellen-vor-puhdas-sportlerin-aleksandra-blinnikka\/"},"modified":"2019-03-01T08:14:37","modified_gmt":"2019-03-01T06:14:37","slug":"wir-stellen-vor-puhdas-sportlerin-aleksandra-blinnikka","status":"publish","type":"post","link":"https:\/\/puhdasplus.ee\/de\/wir-stellen-vor-puhdas-sportlerin-aleksandra-blinnikka\/","title":{"rendered":"Wir stellen vor: Puhdas+ Sportlerin Aleksandra Blinnikka"},"content":{"rendered":"<p>Aleksandra ist eine 26-j\u00e4hrige optimistische und energiegeladene Windsurferin und Flugbegleiterin.<\/p>\n<p>Seit ihrer Kindheit ist Aleksandra sportlich und aktiv. Windsurfen ist seit Jahren ihre gro\u00dfe Leidenschaft. Leistungssport bedeutet kontinuierliches Training und K\u00f6rperpflege, bei der die richtige Ern\u00e4hrung und Nahrungserg\u00e4nzungsmittel eine wichtige Rolle spielen.<\/p>\n<p>\u2013 Die Puhdas+ Produkte sind Teil meiner t\u00e4glichen Routine geworden. Besonders wichtig sind f\u00fcr mich <a href=\"https:\/\/puhdasplus.ee\/tooted\/rasvhapped\/omega-3\/\" title=\"omega-3\">Omega-3<\/a>, <a href=\"https:\/\/puhdasplus.ee\/de\/tooted\/vitamine-de\/vitamin-d-de\/veganes-vitamin-d3-100-ug-60-kapseln\/\" title=\"D-vitamiin\">Vitamin D<\/a> und Kollagen, die meinen sportlichen Lebensstil unterst\u00fctzen, erz\u00e4hlt Aleksandra.<\/p>\n<p>Aleksandras Ziel ist es, sich im Windsurfen noch weiter zu entwickeln und ihr Land bei internationalen Wettk\u00e4mpfen zu vertreten.<\/p>\n<hr \/>\n<h3>Lese auch:<\/h3>\n<ul>\n<li><a href=\"https:\/\/puhdasplus.ee\/onko-ravintolisan-nauttimisen-ajankohdalla-merkitysta\/\" title=\"Kas toidulisandi tarbimise ajal on t\u00e4htsust?\">Spielt der Einnahmezeitpunkt eines Nahrungserg\u00e4nzungsmittels eine Rolle?<\/a><\/li>\n<li><a href=\"https:\/\/puhdasplus.ee\/kollageeni-taydellisen-ihon-salaisuus\/\" title=\"Kollageen \u2013 t\u00e4iusliku naha saladus\">Kollagen \u2013 das Geheimnis perfekter Haut<\/a><\/li>\n<li><a href=\"https:\/\/puhdasplus.ee\/helli-talvi-ihoa-oljyilla\/\" title=\"Hellita talvist nahka \u00f5lidega\">Verw\u00f6hne deine Winterhaut mit \u00d6len<\/a><\/li>\n<li><a href=\"https:\/\/puhdasplus.ee\/de\/blog\/\" title=\"Puhdas+ blogi\">Alle Blogartikel \u2192<\/a><\/li>\n<\/ul>\n","protected":false},"excerpt":{"rendered":"<p>Aleksandra ist eine 26-j\u00e4hrige optimistische und energiegeladene Windsurferin und Flugbegleiterin. Seit ihrer Kindheit ist Aleksandra sportlich und aktiv. Windsurfen&#8230;<\/p>\n","protected":false},"author":471,"featured_media":357858,"comment_status":"open","ping_status":"open","sticky":false,"template":"","format":"standard","meta":{"_acf_changed":false,"googlesitekit_rrm_CAow3eq7DA:productID":"","footnotes":""},"categories":[10320,428],"tags":[7910],"class_list":["post-363494","post","type-post","status-publish","format-standard","has-post-thumbnail","hentry","category-unkategorisiert","category-blogi","tag-sport-ja-treening"],"acf":[],"featured_image_src":{"landsacpe":["https:\/\/puhdasplus.ee\/wp-content\/uploads\/2026\/03\/blogi-esittelyssa-puhdas-athlete-aleksandra-blinnikka-1140x445.jpg.webp",1140,445,true],"list":["https:\/\/puhdasplus.ee\/wp-content\/uploads\/2026\/03\/blogi-esittelyssa-puhdas-athlete-aleksandra-blinnikka-463x348.jpg.webp",463,348,true],"medium":["https:\/\/puhdasplus.ee\/wp-content\/uploads\/2026\/03\/blogi-esittelyssa-puhdas-athlete-aleksandra-blinnikka-300x200.jpg.webp",300,200,true],"full":["https:\/\/puhdasplus.ee\/wp-content\/uploads\/2026\/03\/blogi-esittelyssa-puhdas-athlete-aleksandra-blinnikka.jpg.webp",1600,1066,false]},"yoast_head":"<!-- This site is optimized with the Yoast SEO plugin v28.4 - https:\/\/yoast.com\/product\/yoast-seo-wordpress\/ -->\n<title>Wir stellen Puhdas+ Sportlerin Aleksandra Blinnikka vor | Puhdas+<\/title>\n<meta name=\"description\" content=\"Wir stellen vor: Puhdas+ Sportlerin Aleksandra Blinnikka \u2013 26-j\u00e4hrige Windsurferin und Flugbegleiterin.\" \/>\n<meta name=\"robots\" content=\"index, follow, max-snippet:-1, max-image-preview:large, max-video-preview:-1\" \/>\n<link rel=\"canonical\" href=\"https:\/\/puhdasplus.ee\/de\/wir-stellen-vor-puhdas-sportlerin-aleksandra-blinnikka\/\" \/>\n<meta property=\"og:locale\" content=\"de_DE\" \/>\n<meta property=\"og:type\" content=\"article\" \/>\n<meta property=\"og:title\" content=\"Wir stellen Puhdas+ Sportlerin Aleksandra Blinnikka vor | Puhdas+\" \/>\n<meta property=\"og:description\" content=\"Wir stellen vor: Puhdas+ Sportlerin Aleksandra Blinnikka \u2013 26-j\u00e4hrige Windsurferin und Flugbegleiterin.\" \/>\n<meta property=\"og:url\" content=\"https:\/\/puhdasplus.ee\/de\/wir-stellen-vor-puhdas-sportlerin-aleksandra-blinnikka\/\" \/>\n<meta property=\"og:site_name\" content=\"Puhdas+\" \/>\n<meta property=\"article:publisher\" content=\"https:\/\/www.facebook.com\/puhdasplus\" \/>\n<meta property=\"article:published_time\" content=\"2019-03-01T06:14:37+00:00\" \/>\n<meta property=\"og:image\" content=\"https:\/\/puhdasplus.ee\/wp-content\/uploads\/2026\/03\/blogi-esittelyssa-puhdas-athlete-aleksandra-blinnikka.jpg.webp\" \/>\n\t<meta property=\"og:image:width\" content=\"1600\" \/>\n\t<meta property=\"og:image:height\" content=\"1066\" \/>\n\t<meta property=\"og:image:type\" content=\"image\/jpeg\" \/>\n<meta name=\"author\" content=\"Meiko Neuman\" \/>\n<meta name=\"twitter:card\" content=\"summary_large_image\" \/>\n<meta name=\"twitter:label1\" content=\"Verfasst von\" \/>\n\t<meta name=\"twitter:data1\" content=\"Meiko Neuman\" \/>\n\t<meta name=\"twitter:label2\" content=\"Gesch\u00e4tzte Lesezeit\" \/>\n\t<meta name=\"twitter:data2\" content=\"1\u00a0Minute\" \/>\n<script type=\"application\/ld+json\" class=\"yoast-schema-graph\">{\"@context\":\"https:\\\/\\\/schema.org\",\"@graph\":[{\"@type\":\"Article\",\"@id\":\"https:\\\/\\\/puhdasplus.ee\\\/de\\\/wir-stellen-vor-puhdas-sportlerin-aleksandra-blinnikka\\\/#article\",\"isPartOf\":{\"@id\":\"https:\\\/\\\/puhdasplus.ee\\\/de\\\/wir-stellen-vor-puhdas-sportlerin-aleksandra-blinnikka\\\/\"},\"author\":{\"name\":\"Meiko Neuman\",\"@id\":\"https:\\\/\\\/puhdasplus.ee\\\/de\\\/#\\\/schema\\\/person\\\/2c905cff785b52d920a03f5c776d04a8\"},\"headline\":\"Wir stellen vor: Puhdas+ Sportlerin Aleksandra Blinnikka\",\"datePublished\":\"2019-03-01T06:14:37+00:00\",\"mainEntityOfPage\":{\"@id\":\"https:\\\/\\\/puhdasplus.ee\\\/de\\\/wir-stellen-vor-puhdas-sportlerin-aleksandra-blinnikka\\\/\"},\"wordCount\":127,\"commentCount\":0,\"publisher\":{\"@id\":\"https:\\\/\\\/puhdasplus.ee\\\/de\\\/#organization\"},\"image\":{\"@id\":\"https:\\\/\\\/puhdasplus.ee\\\/de\\\/wir-stellen-vor-puhdas-sportlerin-aleksandra-blinnikka\\\/#primaryimage\"},\"thumbnailUrl\":\"https:\\\/\\\/puhdasplus.ee\\\/wp-content\\\/uploads\\\/2026\\\/03\\\/blogi-esittelyssa-puhdas-athlete-aleksandra-blinnikka.jpg.webp\",\"articleSection\":[\"Unkategorisiert\",\"Uudised\"],\"inLanguage\":\"de\",\"potentialAction\":[{\"@type\":\"CommentAction\",\"name\":\"Comment\",\"target\":[\"https:\\\/\\\/puhdasplus.ee\\\/de\\\/wir-stellen-vor-puhdas-sportlerin-aleksandra-blinnikka\\\/#respond\"]}]},{\"@type\":\"WebPage\",\"@id\":\"https:\\\/\\\/puhdasplus.ee\\\/de\\\/wir-stellen-vor-puhdas-sportlerin-aleksandra-blinnikka\\\/\",\"url\":\"https:\\\/\\\/puhdasplus.ee\\\/de\\\/wir-stellen-vor-puhdas-sportlerin-aleksandra-blinnikka\\\/\",\"name\":\"Wir stellen Puhdas+ Sportlerin Aleksandra Blinnikka vor | Puhdas+\",\"isPartOf\":{\"@id\":\"https:\\\/\\\/puhdasplus.ee\\\/de\\\/#website\"},\"primaryImageOfPage\":{\"@id\":\"https:\\\/\\\/puhdasplus.ee\\\/de\\\/wir-stellen-vor-puhdas-sportlerin-aleksandra-blinnikka\\\/#primaryimage\"},\"image\":{\"@id\":\"https:\\\/\\\/puhdasplus.ee\\\/de\\\/wir-stellen-vor-puhdas-sportlerin-aleksandra-blinnikka\\\/#primaryimage\"},\"thumbnailUrl\":\"https:\\\/\\\/puhdasplus.ee\\\/wp-content\\\/uploads\\\/2026\\\/03\\\/blogi-esittelyssa-puhdas-athlete-aleksandra-blinnikka.jpg.webp\",\"datePublished\":\"2019-03-01T06:14:37+00:00\",\"description\":\"Wir stellen vor: Puhdas+ Sportlerin Aleksandra Blinnikka \u2013 26-j\u00e4hrige Windsurferin und Flugbegleiterin.\",\"breadcrumb\":{\"@id\":\"https:\\\/\\\/puhdasplus.ee\\\/de\\\/wir-stellen-vor-puhdas-sportlerin-aleksandra-blinnikka\\\/#breadcrumb\"},\"inLanguage\":\"de\",\"potentialAction\":[{\"@type\":\"ReadAction\",\"target\":[\"https:\\\/\\\/puhdasplus.ee\\\/de\\\/wir-stellen-vor-puhdas-sportlerin-aleksandra-blinnikka\\\/\"]}]},{\"@type\":\"ImageObject\",\"inLanguage\":\"de\",\"@id\":\"https:\\\/\\\/puhdasplus.ee\\\/de\\\/wir-stellen-vor-puhdas-sportlerin-aleksandra-blinnikka\\\/#primaryimage\",\"url\":\"https:\\\/\\\/puhdasplus.ee\\\/wp-content\\\/uploads\\\/2026\\\/03\\\/blogi-esittelyssa-puhdas-athlete-aleksandra-blinnikka.jpg.webp\",\"contentUrl\":\"https:\\\/\\\/puhdasplus.ee\\\/wp-content\\\/uploads\\\/2026\\\/03\\\/blogi-esittelyssa-puhdas-athlete-aleksandra-blinnikka.jpg.webp\",\"width\":1600,\"height\":1066,\"caption\":\"Tutvustame Puhdas+ sportlast Aleksandra Blinnikkat \u2013 Puhdas+\"},{\"@type\":\"BreadcrumbList\",\"@id\":\"https:\\\/\\\/puhdasplus.ee\\\/de\\\/wir-stellen-vor-puhdas-sportlerin-aleksandra-blinnikka\\\/#breadcrumb\",\"itemListElement\":[{\"@type\":\"ListItem\",\"position\":1,\"name\":\"Startseite\",\"item\":\"https:\\\/\\\/puhdasplus.ee\\\/de\\\/\"},{\"@type\":\"ListItem\",\"position\":2,\"name\":\"Wir stellen vor: Puhdas+ Sportlerin Aleksandra Blinnikka\"}]},{\"@type\":\"WebSite\",\"@id\":\"https:\\\/\\\/puhdasplus.ee\\\/de\\\/#website\",\"url\":\"https:\\\/\\\/puhdasplus.ee\\\/de\\\/\",\"name\":\"Puhdas+\",\"description\":\"Vitamine, Nahrungserg\u00e4nzungsmittel, Naturkosmetik, Gesundheit, Sport\",\"publisher\":{\"@id\":\"https:\\\/\\\/puhdasplus.ee\\\/de\\\/#organization\"},\"potentialAction\":[{\"@type\":\"SearchAction\",\"target\":{\"@type\":\"EntryPoint\",\"urlTemplate\":\"https:\\\/\\\/puhdasplus.ee\\\/de\\\/?s={search_term_string}\"},\"query-input\":{\"@type\":\"PropertyValueSpecification\",\"valueRequired\":true,\"valueName\":\"search_term_string\"}}],\"inLanguage\":\"de\"},{\"@type\":\"Organization\",\"@id\":\"https:\\\/\\\/puhdasplus.ee\\\/de\\\/#organization\",\"name\":\"Puhdas+\",\"alternateName\":\"Puhdasplus\",\"url\":\"https:\\\/\\\/puhdasplus.ee\\\/de\\\/\",\"logo\":{\"@type\":\"ImageObject\",\"inLanguage\":\"de\",\"@id\":\"https:\\\/\\\/puhdasplus.ee\\\/de\\\/#\\\/schema\\\/logo\\\/image\\\/\",\"url\":\"https:\\\/\\\/puhdasplus.ee\\\/wp-content\\\/uploads\\\/2019\\\/10\\\/puhdas_logo-arvele.png\",\"contentUrl\":\"https:\\\/\\\/puhdasplus.ee\\\/wp-content\\\/uploads\\\/2019\\\/10\\\/puhdas_logo-arvele.png\",\"width\":114,\"height\":94,\"caption\":\"Puhdas+\"},\"image\":{\"@id\":\"https:\\\/\\\/puhdasplus.ee\\\/de\\\/#\\\/schema\\\/logo\\\/image\\\/\"},\"sameAs\":[\"https:\\\/\\\/www.facebook.com\\\/puhdasplus\",\"https:\\\/\\\/www.instagram.com\\\/puhdasplus_ee\\\/\"],\"legalName\":\"NordenBio O\u00dc\",\"vatID\":\"EE102836211\",\"taxID\":\"14080126\",\"telephone\":\"+372 5577 765\",\"email\":\"info@puhdasplus.ee\",\"foundingDate\":\"2016\",\"description\":\"Finnische Nahrungserg\u00e4nzungsmittel, Vitamine und Naturkosmetik aus reinen Zutaten. Offizieller Puhdas+ Importeur im Baltikum.\",\"address\":{\"@type\":\"PostalAddress\",\"streetAddress\":\"Narva mnt 7\",\"postalCode\":\"10117\",\"addressLocality\":\"Tallinn\",\"addressRegion\":\"Harju maakond\",\"addressCountry\":\"EE\"},\"contactPoint\":[{\"@type\":\"ContactPoint\",\"contactType\":\"customer service\",\"telephone\":\"+372 5577 765\",\"email\":\"info@puhdasplus.ee\",\"availableLanguage\":[\"Estonian\",\"English\",\"Russian\",\"Latvian\",\"Lithuanian\"],\"areaServed\":[\"EE\",\"LV\",\"LT\"]},{\"@type\":\"ContactPoint\",\"contactType\":\"sales\",\"telephone\":\"+372 5668 8887\",\"email\":\"sales@puhdasplus.ee\",\"availableLanguage\":[\"Estonian\",\"English\"],\"areaServed\":[\"EE\",\"LV\",\"LT\"]}],\"founder\":[{\"@type\":\"Person\",\"name\":\"Meiko Neuman\"}],\"areaServed\":[{\"@type\":\"Country\",\"name\":\"Estonia\"},{\"@type\":\"Country\",\"name\":\"Latvia\"},{\"@type\":\"Country\",\"name\":\"Lithuania\"}],\"knowsAbout\":[\"Nahrungserg\u00e4nzungsmittel\",\"Vitamine\",\"Naturkosmetik\",\"Gesundheit\",\"Sport\"],\"brand\":{\"@type\":\"Brand\",\"name\":\"Puhdas+\",\"description\":\"Finnische Marke mit 100% reinen, zusatzstofffreien Nahrungserg\u00e4nzungsmitteln, Vitaminen und Naturkosmetik. Die Produkte werden in Finnland mit GMP-Zertifizierung hergestellt.\",\"countryOfOrigin\":{\"@type\":\"Country\",\"name\":\"Finland\"},\"manufacturer\":{\"@type\":\"Organization\",\"name\":\"New Organics Oy\",\"address\":{\"@type\":\"PostalAddress\",\"streetAddress\":\"\u00c4yritie 8 A\",\"postalCode\":\"01510\",\"addressLocality\":\"Vantaa\",\"addressCountry\":\"FI\"}}},\"makesOffer\":{\"@type\":\"Offer\",\"category\":\"Health supplements, vitamins, natural cosmetics\"},\"numberOfEmployees\":{\"@type\":\"QuantitativeValue\",\"value\":2}},{\"@type\":\"Person\",\"@id\":\"https:\\\/\\\/puhdasplus.ee\\\/de\\\/#\\\/schema\\\/person\\\/2c905cff785b52d920a03f5c776d04a8\",\"name\":\"Meiko Neuman\",\"image\":{\"@type\":\"ImageObject\",\"inLanguage\":\"de\",\"@id\":\"data:image\\\/svg+xml,%3Csvg%20xmlns%3D%22http%3A%2F%2Fwww.w3.org%2F2000%2Fsvg%22%20width%3D%2248%22%20height%3D%2248%22%3E%3Ccircle%20cx%3D%2224%22%20cy%3D%2224%22%20r%3D%2224%22%20fill%3D%22%2523d7d7d7%22%2F%3E%3Ccircle%20cx%3D%2224%22%20cy%3D%2219%22%20r%3D%229%22%20fill%3D%22%2523fff%22%2F%3E%3Cpath%20d%3D%22M8%2046c0-9%208-14%2016-14s16%205%2016%2014%22%20fill%3D%22%2523fff%22%2F%3E%3C%2Fsvg%3E\",\"url\":\"data:image\\\/svg+xml,%3Csvg%20xmlns%3D%22http%3A%2F%2Fwww.w3.org%2F2000%2Fsvg%22%20width%3D%2248%22%20height%3D%2248%22%3E%3Ccircle%20cx%3D%2224%22%20cy%3D%2224%22%20r%3D%2224%22%20fill%3D%22%2523d7d7d7%22%2F%3E%3Ccircle%20cx%3D%2224%22%20cy%3D%2219%22%20r%3D%229%22%20fill%3D%22%2523fff%22%2F%3E%3Cpath%20d%3D%22M8%2046c0-9%208-14%2016-14s16%205%2016%2014%22%20fill%3D%22%2523fff%22%2F%3E%3C%2Fsvg%3E\",\"contentUrl\":\"data:image\\\/svg+xml,%3Csvg%20xmlns%3D%22http%3A%2F%2Fwww.w3.org%2F2000%2Fsvg%22%20width%3D%2248%22%20height%3D%2248%22%3E%3Ccircle%20cx%3D%2224%22%20cy%3D%2224%22%20r%3D%2224%22%20fill%3D%22%2523d7d7d7%22%2F%3E%3Ccircle%20cx%3D%2224%22%20cy%3D%2219%22%20r%3D%229%22%20fill%3D%22%2523fff%22%2F%3E%3Cpath%20d%3D%22M8%2046c0-9%208-14%2016-14s16%205%2016%2014%22%20fill%3D%22%2523fff%22%2F%3E%3C%2Fsvg%3E\",\"caption\":\"Meiko Neuman\"},\"description\":\"Meiko Neuman on NordenBio O\u00dc kaasasutaja ja juhatuse liige. Tema vastutusalas on Puhdas+ Eesti veebipood, e-kaubandusstrateegia ning digitaalne turundus Baltikumis. \u00dcle 20-aastase IT-juhtimise kogemusega Meiko vastutab tehnilise platvormi, integratsioonide ja kasutajakogemuse eest.\",\"sameAs\":[\"https:\\\/\\\/puhdasplus.ee\\\/author\\\/meiko\\\/\"],\"url\":\"https:\\\/\\\/puhdasplus.ee\\\/de\\\/author\\\/meiko\\\/\"}]}<\/script>\n<!-- \/ Yoast SEO plugin. -->","yoast_head_json":{"title":"Wir stellen Puhdas+ Sportlerin Aleksandra Blinnikka vor | Puhdas+","description":"Wir stellen vor: Puhdas+ Sportlerin Aleksandra Blinnikka \u2013 26-j\u00e4hrige Windsurferin und Flugbegleiterin.","robots":{"index":"index","follow":"follow","max-snippet":"max-snippet:-1","max-image-preview":"max-image-preview:large","max-video-preview":"max-video-preview:-1"},"canonical":"https:\/\/puhdasplus.ee\/de\/wir-stellen-vor-puhdas-sportlerin-aleksandra-blinnikka\/","og_locale":"de_DE","og_type":"article","og_title":"Wir stellen Puhdas+ Sportlerin Aleksandra Blinnikka vor | Puhdas+","og_description":"Wir stellen vor: Puhdas+ Sportlerin Aleksandra Blinnikka \u2013 26-j\u00e4hrige Windsurferin und Flugbegleiterin.","og_url":"https:\/\/puhdasplus.ee\/de\/wir-stellen-vor-puhdas-sportlerin-aleksandra-blinnikka\/","og_site_name":"Puhdas+","article_publisher":"https:\/\/www.facebook.com\/puhdasplus","article_published_time":"2019-03-01T06:14:37+00:00","og_image":[{"width":1600,"height":1066,"url":"https:\/\/puhdasplus.ee\/wp-content\/uploads\/2026\/03\/blogi-esittelyssa-puhdas-athlete-aleksandra-blinnikka.jpg.webp","type":"image\/jpeg"}],"author":"Meiko Neuman","twitter_card":"summary_large_image","twitter_misc":{"Verfasst von":"Meiko Neuman","Gesch\u00e4tzte Lesezeit":"1\u00a0Minute"},"schema":{"@context":"https:\/\/schema.org","@graph":[{"@type":"Article","@id":"https:\/\/puhdasplus.ee\/de\/wir-stellen-vor-puhdas-sportlerin-aleksandra-blinnikka\/#article","isPartOf":{"@id":"https:\/\/puhdasplus.ee\/de\/wir-stellen-vor-puhdas-sportlerin-aleksandra-blinnikka\/"},"author":{"name":"Meiko Neuman","@id":"https:\/\/puhdasplus.ee\/de\/#\/schema\/person\/2c905cff785b52d920a03f5c776d04a8"},"headline":"Wir stellen vor: Puhdas+ Sportlerin Aleksandra Blinnikka","datePublished":"2019-03-01T06:14:37+00:00","mainEntityOfPage":{"@id":"https:\/\/puhdasplus.ee\/de\/wir-stellen-vor-puhdas-sportlerin-aleksandra-blinnikka\/"},"wordCount":127,"commentCount":0,"publisher":{"@id":"https:\/\/puhdasplus.ee\/de\/#organization"},"image":{"@id":"https:\/\/puhdasplus.ee\/de\/wir-stellen-vor-puhdas-sportlerin-aleksandra-blinnikka\/#primaryimage"},"thumbnailUrl":"https:\/\/puhdasplus.ee\/wp-content\/uploads\/2026\/03\/blogi-esittelyssa-puhdas-athlete-aleksandra-blinnikka.jpg.webp","articleSection":["Unkategorisiert","Uudised"],"inLanguage":"de","potentialAction":[{"@type":"CommentAction","name":"Comment","target":["https:\/\/puhdasplus.ee\/de\/wir-stellen-vor-puhdas-sportlerin-aleksandra-blinnikka\/#respond"]}]},{"@type":"WebPage","@id":"https:\/\/puhdasplus.ee\/de\/wir-stellen-vor-puhdas-sportlerin-aleksandra-blinnikka\/","url":"https:\/\/puhdasplus.ee\/de\/wir-stellen-vor-puhdas-sportlerin-aleksandra-blinnikka\/","name":"Wir stellen Puhdas+ Sportlerin Aleksandra Blinnikka vor | Puhdas+","isPartOf":{"@id":"https:\/\/puhdasplus.ee\/de\/#website"},"primaryImageOfPage":{"@id":"https:\/\/puhdasplus.ee\/de\/wir-stellen-vor-puhdas-sportlerin-aleksandra-blinnikka\/#primaryimage"},"image":{"@id":"https:\/\/puhdasplus.ee\/de\/wir-stellen-vor-puhdas-sportlerin-aleksandra-blinnikka\/#primaryimage"},"thumbnailUrl":"https:\/\/puhdasplus.ee\/wp-content\/uploads\/2026\/03\/blogi-esittelyssa-puhdas-athlete-aleksandra-blinnikka.jpg.webp","datePublished":"2019-03-01T06:14:37+00:00","description":"Wir stellen vor: Puhdas+ Sportlerin Aleksandra Blinnikka \u2013 26-j\u00e4hrige Windsurferin und Flugbegleiterin.","breadcrumb":{"@id":"https:\/\/puhdasplus.ee\/de\/wir-stellen-vor-puhdas-sportlerin-aleksandra-blinnikka\/#breadcrumb"},"inLanguage":"de","potentialAction":[{"@type":"ReadAction","target":["https:\/\/puhdasplus.ee\/de\/wir-stellen-vor-puhdas-sportlerin-aleksandra-blinnikka\/"]}]},{"@type":"ImageObject","inLanguage":"de","@id":"https:\/\/puhdasplus.ee\/de\/wir-stellen-vor-puhdas-sportlerin-aleksandra-blinnikka\/#primaryimage","url":"https:\/\/puhdasplus.ee\/wp-content\/uploads\/2026\/03\/blogi-esittelyssa-puhdas-athlete-aleksandra-blinnikka.jpg.webp","contentUrl":"https:\/\/puhdasplus.ee\/wp-content\/uploads\/2026\/03\/blogi-esittelyssa-puhdas-athlete-aleksandra-blinnikka.jpg.webp","width":1600,"height":1066,"caption":"Tutvustame Puhdas+ sportlast Aleksandra Blinnikkat \u2013 Puhdas+"},{"@type":"BreadcrumbList","@id":"https:\/\/puhdasplus.ee\/de\/wir-stellen-vor-puhdas-sportlerin-aleksandra-blinnikka\/#breadcrumb","itemListElement":[{"@type":"ListItem","position":1,"name":"Startseite","item":"https:\/\/puhdasplus.ee\/de\/"},{"@type":"ListItem","position":2,"name":"Wir stellen vor: Puhdas+ Sportlerin Aleksandra Blinnikka"}]},{"@type":"WebSite","@id":"https:\/\/puhdasplus.ee\/de\/#website","url":"https:\/\/puhdasplus.ee\/de\/","name":"Puhdas+","description":"Vitamine, Nahrungserg\u00e4nzungsmittel, Naturkosmetik, Gesundheit, Sport","publisher":{"@id":"https:\/\/puhdasplus.ee\/de\/#organization"},"potentialAction":[{"@type":"SearchAction","target":{"@type":"EntryPoint","urlTemplate":"https:\/\/puhdasplus.ee\/de\/?s={search_term_string}"},"query-input":{"@type":"PropertyValueSpecification","valueRequired":true,"valueName":"search_term_string"}}],"inLanguage":"de"},{"@type":"Organization","@id":"https:\/\/puhdasplus.ee\/de\/#organization","name":"Puhdas+","alternateName":"Puhdasplus","url":"https:\/\/puhdasplus.ee\/de\/","logo":{"@type":"ImageObject","inLanguage":"de","@id":"https:\/\/puhdasplus.ee\/de\/#\/schema\/logo\/image\/","url":"https:\/\/puhdasplus.ee\/wp-content\/uploads\/2019\/10\/puhdas_logo-arvele.png","contentUrl":"https:\/\/puhdasplus.ee\/wp-content\/uploads\/2019\/10\/puhdas_logo-arvele.png","width":114,"height":94,"caption":"Puhdas+"},"image":{"@id":"https:\/\/puhdasplus.ee\/de\/#\/schema\/logo\/image\/"},"sameAs":["https:\/\/www.facebook.com\/puhdasplus","https:\/\/www.instagram.com\/puhdasplus_ee\/"],"legalName":"NordenBio O\u00dc","vatID":"EE102836211","taxID":"14080126","telephone":"+372 5577 765","email":"info@puhdasplus.ee","foundingDate":"2016","description":"Finnische Nahrungserg\u00e4nzungsmittel, Vitamine und Naturkosmetik aus reinen Zutaten. Offizieller Puhdas+ Importeur im Baltikum.","address":{"@type":"PostalAddress","streetAddress":"Narva mnt 7","postalCode":"10117","addressLocality":"Tallinn","addressRegion":"Harju maakond","addressCountry":"EE"},"contactPoint":[{"@type":"ContactPoint","contactType":"customer service","telephone":"+372 5577 765","email":"info@puhdasplus.ee","availableLanguage":["Estonian","English","Russian","Latvian","Lithuanian"],"areaServed":["EE","LV","LT"]},{"@type":"ContactPoint","contactType":"sales","telephone":"+372 5668 8887","email":"sales@puhdasplus.ee","availableLanguage":["Estonian","English"],"areaServed":["EE","LV","LT"]}],"founder":[{"@type":"Person","name":"Meiko Neuman"}],"areaServed":[{"@type":"Country","name":"Estonia"},{"@type":"Country","name":"Latvia"},{"@type":"Country","name":"Lithuania"}],"knowsAbout":["Nahrungserg\u00e4nzungsmittel","Vitamine","Naturkosmetik","Gesundheit","Sport"],"brand":{"@type":"Brand","name":"Puhdas+","description":"Finnische Marke mit 100% reinen, zusatzstofffreien Nahrungserg\u00e4nzungsmitteln, Vitaminen und Naturkosmetik. Die Produkte werden in Finnland mit GMP-Zertifizierung hergestellt.","countryOfOrigin":{"@type":"Country","name":"Finland"},"manufacturer":{"@type":"Organization","name":"New Organics Oy","address":{"@type":"PostalAddress","streetAddress":"\u00c4yritie 8 A","postalCode":"01510","addressLocality":"Vantaa","addressCountry":"FI"}}},"makesOffer":{"@type":"Offer","category":"Health supplements, vitamins, natural cosmetics"},"numberOfEmployees":{"@type":"QuantitativeValue","value":2}},{"@type":"Person","@id":"https:\/\/puhdasplus.ee\/de\/#\/schema\/person\/2c905cff785b52d920a03f5c776d04a8","name":"Meiko Neuman","image":{"@type":"ImageObject","inLanguage":"de","@id":"data:image\/svg+xml,%3Csvg%20xmlns%3D%22http%3A%2F%2Fwww.w3.org%2F2000%2Fsvg%22%20width%3D%2248%22%20height%3D%2248%22%3E%3Ccircle%20cx%3D%2224%22%20cy%3D%2224%22%20r%3D%2224%22%20fill%3D%22%2523d7d7d7%22%2F%3E%3Ccircle%20cx%3D%2224%22%20cy%3D%2219%22%20r%3D%229%22%20fill%3D%22%2523fff%22%2F%3E%3Cpath%20d%3D%22M8%2046c0-9%208-14%2016-14s16%205%2016%2014%22%20fill%3D%22%2523fff%22%2F%3E%3C%2Fsvg%3E","url":"data:image\/svg+xml,%3Csvg%20xmlns%3D%22http%3A%2F%2Fwww.w3.org%2F2000%2Fsvg%22%20width%3D%2248%22%20height%3D%2248%22%3E%3Ccircle%20cx%3D%2224%22%20cy%3D%2224%22%20r%3D%2224%22%20fill%3D%22%2523d7d7d7%22%2F%3E%3Ccircle%20cx%3D%2224%22%20cy%3D%2219%22%20r%3D%229%22%20fill%3D%22%2523fff%22%2F%3E%3Cpath%20d%3D%22M8%2046c0-9%208-14%2016-14s16%205%2016%2014%22%20fill%3D%22%2523fff%22%2F%3E%3C%2Fsvg%3E","contentUrl":"data:image\/svg+xml,%3Csvg%20xmlns%3D%22http%3A%2F%2Fwww.w3.org%2F2000%2Fsvg%22%20width%3D%2248%22%20height%3D%2248%22%3E%3Ccircle%20cx%3D%2224%22%20cy%3D%2224%22%20r%3D%2224%22%20fill%3D%22%2523d7d7d7%22%2F%3E%3Ccircle%20cx%3D%2224%22%20cy%3D%2219%22%20r%3D%229%22%20fill%3D%22%2523fff%22%2F%3E%3Cpath%20d%3D%22M8%2046c0-9%208-14%2016-14s16%205%2016%2014%22%20fill%3D%22%2523fff%22%2F%3E%3C%2Fsvg%3E","caption":"Meiko Neuman"},"description":"Meiko Neuman on NordenBio O\u00dc kaasasutaja ja juhatuse liige. Tema vastutusalas on Puhdas+ Eesti veebipood, e-kaubandusstrateegia ning digitaalne turundus Baltikumis. \u00dcle 20-aastase IT-juhtimise kogemusega Meiko vastutab tehnilise platvormi, integratsioonide ja kasutajakogemuse eest.","sameAs":["https:\/\/puhdasplus.ee\/author\/meiko\/"],"url":"https:\/\/puhdasplus.ee\/de\/author\/meiko\/"}]}},"_yoast_wpseo_title":"Wir stellen Puhdas+ Sportlerin Aleksandra Blinnikka vor | Puhdas+","_yoast_wpseo_metadesc":"Wir stellen vor: Puhdas+ Sportlerin Aleksandra Blinnikka \u2013 26-j\u00e4hrige Windsurferin und Flugbegleiterin.","_yoast_wpseo_focuskw":"tutvustame puhdas+ sportlast aleksandra blinnikkat","_links":{"self":[{"href":"https:\/\/puhdasplus.ee\/de\/wp-json\/wp\/v2\/posts\/363494","targetHints":{"allow":["GET"]}}],"collection":[{"href":"https:\/\/puhdasplus.ee\/de\/wp-json\/wp\/v2\/posts"}],"about":[{"href":"https:\/\/puhdasplus.ee\/de\/wp-json\/wp\/v2\/types\/post"}],"author":[{"embeddable":true,"href":"https:\/\/puhdasplus.ee\/de\/wp-json\/wp\/v2\/users\/471"}],"replies":[{"embeddable":true,"href":"https:\/\/puhdasplus.ee\/de\/wp-json\/wp\/v2\/comments?post=363494"}],"version-history":[{"count":0,"href":"https:\/\/puhdasplus.ee\/de\/wp-json\/wp\/v2\/posts\/363494\/revisions"}],"wp:featuredmedia":[{"embeddable":true,"href":"https:\/\/puhdasplus.ee\/de\/wp-json\/wp\/v2\/media\/357858"}],"wp:attachment":[{"href":"https:\/\/puhdasplus.ee\/de\/wp-json\/wp\/v2\/media?parent=363494"}],"wp:term":[{"taxonomy":"category","embeddable":true,"href":"https:\/\/puhdasplus.ee\/de\/wp-json\/wp\/v2\/categories?post=363494"},{"taxonomy":"post_tag","embeddable":true,"href":"https:\/\/puhdasplus.ee\/de\/wp-json\/wp\/v2\/tags?post=363494"}],"curies":[{"name":"wp","href":"https:\/\/api.w.org\/{rel}","templated":true}]}}